{"id":3150,"date":"2023-09-18T10:53:43","date_gmt":"2023-09-18T08:53:43","guid":{"rendered":"https:\/\/cefisaa.es\/deductibility-of-vat-payments-relating-to-supplies-of-a-dwelling-partially-used-for-the-taxpayers-economic-activity\/"},"modified":"2023-09-18T10:53:43","modified_gmt":"2023-09-18T08:53:43","slug":"deductibility-of-vat-payments-relating-to-supplies-of-a-dwelling-partially-used-for-the-taxpayers-economic-activity","status":"publish","type":"post","link":"https:\/\/cefisaa.es\/en\/deductibility-of-vat-payments-relating-to-supplies-of-a-dwelling-partially-used-for-the-taxpayers-economic-activity\/","title":{"rendered":"Deductibility of VAT payments relating to supplies of a dwelling partially used for the taxpayer&#8217;s economic activity"},"content":{"rendered":"\n<p>El Tribunal Econ\u00f3mico Administrativo Central (\u201cTEAC\u201d) en su resoluci\u00f3n de 19 de julio de 2023 (rec. n\u00fam. 00-06654-2022) resolvi\u00f3, en unificaci\u00f3n de criterio, una cuesti\u00f3n hasta entonces comprometida como es la deducibilidad de las cuotas soportadas del Impuesto sobre el Valor A\u00f1adido (\u201cIVA\u201d) relativas a los gastos de suministros de una vivienda afecta parcialmente a la actividad econ\u00f3mica del contribuyente.<\/p>\n\n<p>El supuesto objeto de la resoluci\u00f3n versa sobre un inmueble donde radica el domicilio fiscal de una sociedad y, a su vez, la vivienda habitual de una de las socias, procediendo la sociedad a deducir las cuotas soportadas relativas a los suministros afectos al inmueble (agua, luz, gas).<\/p>\n\n<p>La Inspecci\u00f3n regulariz\u00f3 la deducci\u00f3n de ese IVA soportado bas\u00e1ndose en el criterio defendido hasta la fecha por la Direcci\u00f3n General de Tributos, el cual establec\u00eda la no deducibilidad de dichas cuotas en base a lo regulado en el art\u00edculo 95 de la Ley 37\/1992, de 28 de diciembre, del Impuesto sobre el Valor A\u00f1adido, por cuanto no se cumplir\u00eda el requisito de la \u201cafectaci\u00f3n exclusiva\u201d de la vivienda a la actividad econ\u00f3mica del contribuyente.<\/p>\n\n<p>El sujeto pasivo interpuso reclamaci\u00f3n ante el Tribunal Econ\u00f3mico Administrativo Regional (\u201cTEAR\u201d) de Madrid quien estim\u00f3 parcialmente el recurso interpuesto por el contribuyente, considerando que la normativa del IVA no impide expresamente dicha deducci\u00f3n y que la propia Inspecci\u00f3n, al reconocer un porcentaje de afectaci\u00f3n parcial del inmueble a la actividad econ\u00f3mica, debe reconocer la deducci\u00f3n de los gastos asociados en esa misma proporci\u00f3n.<\/p>\n\n<p>Frente a la resoluci\u00f3n del TEAR, el Director del Departamento de Inspecci\u00f3n Financiera y Tributaria de la AEAT interpuso recurso extraordinario de alzada para la unificaci\u00f3n de criterio.<\/p>\n\n<p>Finalmente, el TEAC desestim\u00f3 el recurso y resolvi\u00f3 en unificaci\u00f3n de criterio, coincidiendo con el criterio inicial del TEAR de Madrid.<\/p>\n\n<p>En la resoluci\u00f3n, el TEAC se basa en la aplicaci\u00f3n directa de la Directiva 2006\/112\/CE del Consejo, de 28 de noviembre, relativa al sistema com\u00fan del IVA (\u201cDirectiva IVA\u201d), el principio de neutralidad en el IVA y, en concreto, en los art\u00edculos 168, 168 bis y 169 de la propia Directiva.<\/p>\n\n<p>Por un lado, el art\u00edculo 168 prev\u00e9 que el derecho a la deducci\u00f3n del IVA existe para el sujeto pasivo en la medida en que los bienes y servicios se utilicen para las necesidades de sus operaciones gravadas. Por su parte, el art\u00edculo 168 bis a\u00f1ade que, para los inmuebles que formen parte del patrimonio de la empresa de un sujeto pasivo y que se utilicen tanto para actividades de la empresa como para su uso privado, la deducci\u00f3n del IVA sobre los gastos relacionados con este patrimonio deber\u00e1 efectuarse con arreglo a los principios generales de deducci\u00f3n de cuotas de IVA, de manera proporcional a su utilizaci\u00f3n a efectos de las actividades de la empresa.<\/p>\n\n<p>Tal y como concluye la propia resoluci\u00f3n del TEAC, <em>\u201cel principio de primac\u00eda del Derecho de la Uni\u00f3n obliga a este Tribunal Central a interpretar la normativa interna espa\u00f1ola de forma acorde con lo dispuesto en la Directiva IVA. En consecuencia, el apartado cuarto del art\u00edculo 95 de la LIVA debe ser interpretado de forma amplia, de tal modo que los bienes y servicios en \u00e9l consignados ni constituyen una lista cerrada ni se refieren \u00fanicamente a los bienes de inversi\u00f3n de la regla 2\u00aa del apartado tercero, alcanzando tambi\u00e9n a los bienes inmuebles. De manera que deben entenderse incluidos en dicho listado los gastos por suministros de agua, luz y gas relacionados con los bienes inmuebles.\u201d<\/em><\/p>\n\n<p>Sin duda es una resoluci\u00f3n importante a favor del contribuyente que modifica el criterio hasta ahora establecido por la Inspecci\u00f3n y que permitir\u00e1, en adelante, deducir el IVA soportado en los gastos por suministros relativos a bienes inmuebles que, por su naturaleza, se utilicen simult\u00e1neamente para actividades empresariales o profesionales y para necesidades privadas, debiendo realizarse de forma proporcional a la utilizaci\u00f3n del inmueble en la actividad.<\/p>\n","protected":false},"excerpt":{"rendered":"<p>El Tribunal Econ\u00f3mico Administrativo Central (\u201cTEAC\u201d) en su resoluci\u00f3n de 19 de julio de 2023 (rec. n\u00fam. 00-06654-2022) resolvi\u00f3, en unificaci\u00f3n de criterio, una cuesti\u00f3n hasta entonces comprometida como es la deducibilidad de las cuotas soportadas del Impuesto sobre el Valor A\u00f1adido (\u201cIVA\u201d) relativas a los gastos de suministros de una vivienda afecta parcialmente a&#8230;<\/p>\n","protected":false},"author":3,"featured_media":3145,"comment_status":"open","ping_status":"closed","sticky":false,"template":"","format":"standard","meta":{"_acf_changed":false,"inline_featured_image":false,"_kad_post_transparent":"","_kad_post_title":"","_kad_post_layout":"","_kad_post_sidebar_id":"","_kad_post_content_style":"","_kad_post_vertical_padding":"","_kad_post_feature":"","_kad_post_feature_position":"","_kad_post_header":false,"_kad_post_footer":false,"_kad_post_classname":"","footnotes":""},"categories":[41],"tags":[],"class_list":["post-3150","post","type-post","status-publish","format-standard","has-post-thumbnail","hentry","category-tax"],"acf":[],"yoast_head":"<!-- This site is optimized with the Yoast SEO plugin v27.3 - https:\/\/yoast.com\/product\/yoast-seo-wordpress\/ -->\n<title>\u25b7Deductibility of VAT payments relating to supplies of a dwelling partially used for the taxpayer&#039;s economic activity | CEFISA<\/title>\n<meta name=\"description\" content=\"Deductibility of VAT payments relating to supplies of a dwelling partially used for the taxpayer&#039;s economic activity | Asesoramiento fiscal, mercantil y laboral en C\u00f3rdoba | Servicios de auditor\u00eda en C\u00f3rdoba\" \/>\n<meta name=\"robots\" content=\"index, follow, max-snippet:-1, max-image-preview:large, max-video-preview:-1\" \/>\n<link rel=\"canonical\" href=\"https:\/\/cefisaa.es\/en\/deductibility-of-vat-payments-relating-to-supplies-of-a-dwelling-partially-used-for-the-taxpayers-economic-activity\/\" \/>\n<meta property=\"og:locale\" content=\"en_US\" \/>\n<meta property=\"og:type\" content=\"article\" \/>\n<meta property=\"og:title\" content=\"\u25b7Deductibility of VAT payments relating to supplies of a dwelling partially used for the taxpayer&#039;s economic activity | CEFISA\" \/>\n<meta property=\"og:description\" content=\"Deductibility of VAT payments relating to supplies of a dwelling partially used for the taxpayer&#039;s economic activity | Asesoramiento fiscal, mercantil y laboral en C\u00f3rdoba | Servicios de auditor\u00eda en C\u00f3rdoba\" \/>\n<meta property=\"og:url\" content=\"https:\/\/cefisaa.es\/en\/deductibility-of-vat-payments-relating-to-supplies-of-a-dwelling-partially-used-for-the-taxpayers-economic-activity\/\" \/>\n<meta property=\"og:site_name\" content=\"Cefisa\" \/>\n<meta property=\"article:published_time\" content=\"2023-09-18T08:53:43+00:00\" \/>\n<meta property=\"og:image\" content=\"https:\/\/cefisaa.es\/wp-content\/uploads\/2023\/09\/pexels-alex-fu-2479178-scaled.jpg\" \/>\n\t<meta property=\"og:image:width\" content=\"2048\" \/>\n\t<meta property=\"og:image:height\" content=\"2560\" \/>\n\t<meta property=\"og:image:type\" content=\"image\/jpeg\" \/>\n<meta name=\"author\" content=\"Cefisa\" \/>\n<meta name=\"twitter:card\" content=\"summary_large_image\" \/>\n<meta name=\"twitter:label1\" content=\"Written by\" \/>\n\t<meta name=\"twitter:data1\" content=\"Cefisa\" \/>\n\t<meta name=\"twitter:label2\" content=\"Est. reading time\" \/>\n\t<meta name=\"twitter:data2\" content=\"3 minutes\" \/>\n<script type=\"application\/ld+json\" class=\"yoast-schema-graph\">{\"@context\":\"https:\\\/\\\/schema.org\",\"@graph\":[{\"@type\":\"Article\",\"@id\":\"https:\\\/\\\/cefisaa.es\\\/en\\\/deductibility-of-vat-payments-relating-to-supplies-of-a-dwelling-partially-used-for-the-taxpayers-economic-activity\\\/#article\",\"isPartOf\":{\"@id\":\"https:\\\/\\\/cefisaa.es\\\/en\\\/deductibility-of-vat-payments-relating-to-supplies-of-a-dwelling-partially-used-for-the-taxpayers-economic-activity\\\/\"},\"author\":{\"name\":\"Cefisa\",\"@id\":\"https:\\\/\\\/cefisaa.es\\\/en\\\/#\\\/schema\\\/person\\\/ee3b3e0cf34963cf0dc3d702b70a8962\"},\"headline\":\"Deductibility of VAT payments relating to supplies of a dwelling partially used for the taxpayer&#8217;s economic activity\",\"datePublished\":\"2023-09-18T08:53:43+00:00\",\"mainEntityOfPage\":{\"@id\":\"https:\\\/\\\/cefisaa.es\\\/en\\\/deductibility-of-vat-payments-relating-to-supplies-of-a-dwelling-partially-used-for-the-taxpayers-economic-activity\\\/\"},\"wordCount\":705,\"commentCount\":0,\"publisher\":{\"@id\":\"https:\\\/\\\/cefisaa.es\\\/en\\\/#organization\"},\"image\":{\"@id\":\"https:\\\/\\\/cefisaa.es\\\/en\\\/deductibility-of-vat-payments-relating-to-supplies-of-a-dwelling-partially-used-for-the-taxpayers-economic-activity\\\/#primaryimage\"},\"thumbnailUrl\":\"https:\\\/\\\/cefisaa.es\\\/wp-content\\\/uploads\\\/2023\\\/09\\\/pexels-alex-fu-2479178-scaled.jpg\",\"articleSection\":[\"Tax\"],\"inLanguage\":\"en-US\",\"potentialAction\":[{\"@type\":\"CommentAction\",\"name\":\"Comment\",\"target\":[\"https:\\\/\\\/cefisaa.es\\\/en\\\/deductibility-of-vat-payments-relating-to-supplies-of-a-dwelling-partially-used-for-the-taxpayers-economic-activity\\\/#respond\"]}]},{\"@type\":\"WebPage\",\"@id\":\"https:\\\/\\\/cefisaa.es\\\/en\\\/deductibility-of-vat-payments-relating-to-supplies-of-a-dwelling-partially-used-for-the-taxpayers-economic-activity\\\/\",\"url\":\"https:\\\/\\\/cefisaa.es\\\/en\\\/deductibility-of-vat-payments-relating-to-supplies-of-a-dwelling-partially-used-for-the-taxpayers-economic-activity\\\/\",\"name\":\"\u25b7Deductibility of VAT payments relating to supplies of a dwelling partially used for the taxpayer's economic activity | CEFISA\",\"isPartOf\":{\"@id\":\"https:\\\/\\\/cefisaa.es\\\/en\\\/#website\"},\"primaryImageOfPage\":{\"@id\":\"https:\\\/\\\/cefisaa.es\\\/en\\\/deductibility-of-vat-payments-relating-to-supplies-of-a-dwelling-partially-used-for-the-taxpayers-economic-activity\\\/#primaryimage\"},\"image\":{\"@id\":\"https:\\\/\\\/cefisaa.es\\\/en\\\/deductibility-of-vat-payments-relating-to-supplies-of-a-dwelling-partially-used-for-the-taxpayers-economic-activity\\\/#primaryimage\"},\"thumbnailUrl\":\"https:\\\/\\\/cefisaa.es\\\/wp-content\\\/uploads\\\/2023\\\/09\\\/pexels-alex-fu-2479178-scaled.jpg\",\"datePublished\":\"2023-09-18T08:53:43+00:00\",\"description\":\"Deductibility of VAT payments relating to supplies of a dwelling partially used for the taxpayer's economic activity | Asesoramiento fiscal, mercantil y laboral en C\u00f3rdoba | Servicios de auditor\u00eda en C\u00f3rdoba\",\"breadcrumb\":{\"@id\":\"https:\\\/\\\/cefisaa.es\\\/en\\\/deductibility-of-vat-payments-relating-to-supplies-of-a-dwelling-partially-used-for-the-taxpayers-economic-activity\\\/#breadcrumb\"},\"inLanguage\":\"en-US\",\"potentialAction\":[{\"@type\":\"ReadAction\",\"target\":[\"https:\\\/\\\/cefisaa.es\\\/en\\\/deductibility-of-vat-payments-relating-to-supplies-of-a-dwelling-partially-used-for-the-taxpayers-economic-activity\\\/\"]}]},{\"@type\":\"ImageObject\",\"inLanguage\":\"en-US\",\"@id\":\"https:\\\/\\\/cefisaa.es\\\/en\\\/deductibility-of-vat-payments-relating-to-supplies-of-a-dwelling-partially-used-for-the-taxpayers-economic-activity\\\/#primaryimage\",\"url\":\"https:\\\/\\\/cefisaa.es\\\/wp-content\\\/uploads\\\/2023\\\/09\\\/pexels-alex-fu-2479178-scaled.jpg\",\"contentUrl\":\"https:\\\/\\\/cefisaa.es\\\/wp-content\\\/uploads\\\/2023\\\/09\\\/pexels-alex-fu-2479178-scaled.jpg\",\"width\":2048,\"height\":2560},{\"@type\":\"BreadcrumbList\",\"@id\":\"https:\\\/\\\/cefisaa.es\\\/en\\\/deductibility-of-vat-payments-relating-to-supplies-of-a-dwelling-partially-used-for-the-taxpayers-economic-activity\\\/#breadcrumb\",\"itemListElement\":[{\"@type\":\"ListItem\",\"position\":1,\"name\":\"Portada\",\"item\":\"https:\\\/\\\/cefisaa.es\\\/en\\\/home\\\/\"},{\"@type\":\"ListItem\",\"position\":2,\"name\":\"Deductibility of VAT payments relating to supplies of a dwelling partially used for the taxpayer&#8217;s economic activity\"}]},{\"@type\":\"WebSite\",\"@id\":\"https:\\\/\\\/cefisaa.es\\\/en\\\/#website\",\"url\":\"https:\\\/\\\/cefisaa.es\\\/en\\\/\",\"name\":\"Cefisa\",\"description\":\"\",\"publisher\":{\"@id\":\"https:\\\/\\\/cefisaa.es\\\/en\\\/#organization\"},\"potentialAction\":[{\"@type\":\"SearchAction\",\"target\":{\"@type\":\"EntryPoint\",\"urlTemplate\":\"https:\\\/\\\/cefisaa.es\\\/en\\\/?s={search_term_string}\"},\"query-input\":{\"@type\":\"PropertyValueSpecification\",\"valueRequired\":true,\"valueName\":\"search_term_string\"}}],\"inLanguage\":\"en-US\"},{\"@type\":\"Organization\",\"@id\":\"https:\\\/\\\/cefisaa.es\\\/en\\\/#organization\",\"name\":\"Cefisa\",\"url\":\"https:\\\/\\\/cefisaa.es\\\/en\\\/\",\"logo\":{\"@type\":\"ImageObject\",\"inLanguage\":\"en-US\",\"@id\":\"https:\\\/\\\/cefisaa.es\\\/en\\\/#\\\/schema\\\/logo\\\/image\\\/\",\"url\":\"https:\\\/\\\/cefisaa.es\\\/wp-content\\\/uploads\\\/2022\\\/10\\\/image2vector.svg\",\"contentUrl\":\"https:\\\/\\\/cefisaa.es\\\/wp-content\\\/uploads\\\/2022\\\/10\\\/image2vector.svg\",\"width\":400,\"height\":133,\"caption\":\"Cefisa\"},\"image\":{\"@id\":\"https:\\\/\\\/cefisaa.es\\\/en\\\/#\\\/schema\\\/logo\\\/image\\\/\"}},{\"@type\":\"Person\",\"@id\":\"https:\\\/\\\/cefisaa.es\\\/en\\\/#\\\/schema\\\/person\\\/ee3b3e0cf34963cf0dc3d702b70a8962\",\"name\":\"Cefisa\",\"image\":{\"@type\":\"ImageObject\",\"inLanguage\":\"en-US\",\"@id\":\"https:\\\/\\\/secure.gravatar.com\\\/avatar\\\/5585c5716630c9a3aef78d3869b2696792b9a110354782ee605547cb4da424c3?s=96&d=mm&r=g\",\"url\":\"https:\\\/\\\/secure.gravatar.com\\\/avatar\\\/5585c5716630c9a3aef78d3869b2696792b9a110354782ee605547cb4da424c3?s=96&d=mm&r=g\",\"contentUrl\":\"https:\\\/\\\/secure.gravatar.com\\\/avatar\\\/5585c5716630c9a3aef78d3869b2696792b9a110354782ee605547cb4da424c3?s=96&d=mm&r=g\",\"caption\":\"Cefisa\"},\"url\":\"https:\\\/\\\/cefisaa.es\\\/en\\\/author\\\/cefisa\\\/\"}]}<\/script>\n<!-- \/ Yoast SEO plugin. -->","yoast_head_json":{"title":"\u25b7Deductibility of VAT payments relating to supplies of a dwelling partially used for the taxpayer's economic activity | CEFISA","description":"Deductibility of VAT payments relating to supplies of a dwelling partially used for the taxpayer's economic activity | Asesoramiento fiscal, mercantil y laboral en C\u00f3rdoba | Servicios de auditor\u00eda en C\u00f3rdoba","robots":{"index":"index","follow":"follow","max-snippet":"max-snippet:-1","max-image-preview":"max-image-preview:large","max-video-preview":"max-video-preview:-1"},"canonical":"https:\/\/cefisaa.es\/en\/deductibility-of-vat-payments-relating-to-supplies-of-a-dwelling-partially-used-for-the-taxpayers-economic-activity\/","og_locale":"en_US","og_type":"article","og_title":"\u25b7Deductibility of VAT payments relating to supplies of a dwelling partially used for the taxpayer's economic activity | CEFISA","og_description":"Deductibility of VAT payments relating to supplies of a dwelling partially used for the taxpayer's economic activity | Asesoramiento fiscal, mercantil y laboral en C\u00f3rdoba | Servicios de auditor\u00eda en C\u00f3rdoba","og_url":"https:\/\/cefisaa.es\/en\/deductibility-of-vat-payments-relating-to-supplies-of-a-dwelling-partially-used-for-the-taxpayers-economic-activity\/","og_site_name":"Cefisa","article_published_time":"2023-09-18T08:53:43+00:00","og_image":[{"width":2048,"height":2560,"url":"https:\/\/cefisaa.es\/wp-content\/uploads\/2023\/09\/pexels-alex-fu-2479178-scaled.jpg","type":"image\/jpeg"}],"author":"Cefisa","twitter_card":"summary_large_image","twitter_misc":{"Written by":"Cefisa","Est. reading time":"3 minutes"},"schema":{"@context":"https:\/\/schema.org","@graph":[{"@type":"Article","@id":"https:\/\/cefisaa.es\/en\/deductibility-of-vat-payments-relating-to-supplies-of-a-dwelling-partially-used-for-the-taxpayers-economic-activity\/#article","isPartOf":{"@id":"https:\/\/cefisaa.es\/en\/deductibility-of-vat-payments-relating-to-supplies-of-a-dwelling-partially-used-for-the-taxpayers-economic-activity\/"},"author":{"name":"Cefisa","@id":"https:\/\/cefisaa.es\/en\/#\/schema\/person\/ee3b3e0cf34963cf0dc3d702b70a8962"},"headline":"Deductibility of VAT payments relating to supplies of a dwelling partially used for the taxpayer&#8217;s economic activity","datePublished":"2023-09-18T08:53:43+00:00","mainEntityOfPage":{"@id":"https:\/\/cefisaa.es\/en\/deductibility-of-vat-payments-relating-to-supplies-of-a-dwelling-partially-used-for-the-taxpayers-economic-activity\/"},"wordCount":705,"commentCount":0,"publisher":{"@id":"https:\/\/cefisaa.es\/en\/#organization"},"image":{"@id":"https:\/\/cefisaa.es\/en\/deductibility-of-vat-payments-relating-to-supplies-of-a-dwelling-partially-used-for-the-taxpayers-economic-activity\/#primaryimage"},"thumbnailUrl":"https:\/\/cefisaa.es\/wp-content\/uploads\/2023\/09\/pexels-alex-fu-2479178-scaled.jpg","articleSection":["Tax"],"inLanguage":"en-US","potentialAction":[{"@type":"CommentAction","name":"Comment","target":["https:\/\/cefisaa.es\/en\/deductibility-of-vat-payments-relating-to-supplies-of-a-dwelling-partially-used-for-the-taxpayers-economic-activity\/#respond"]}]},{"@type":"WebPage","@id":"https:\/\/cefisaa.es\/en\/deductibility-of-vat-payments-relating-to-supplies-of-a-dwelling-partially-used-for-the-taxpayers-economic-activity\/","url":"https:\/\/cefisaa.es\/en\/deductibility-of-vat-payments-relating-to-supplies-of-a-dwelling-partially-used-for-the-taxpayers-economic-activity\/","name":"\u25b7Deductibility of VAT payments relating to supplies of a dwelling partially used for the taxpayer's economic activity | CEFISA","isPartOf":{"@id":"https:\/\/cefisaa.es\/en\/#website"},"primaryImageOfPage":{"@id":"https:\/\/cefisaa.es\/en\/deductibility-of-vat-payments-relating-to-supplies-of-a-dwelling-partially-used-for-the-taxpayers-economic-activity\/#primaryimage"},"image":{"@id":"https:\/\/cefisaa.es\/en\/deductibility-of-vat-payments-relating-to-supplies-of-a-dwelling-partially-used-for-the-taxpayers-economic-activity\/#primaryimage"},"thumbnailUrl":"https:\/\/cefisaa.es\/wp-content\/uploads\/2023\/09\/pexels-alex-fu-2479178-scaled.jpg","datePublished":"2023-09-18T08:53:43+00:00","description":"Deductibility of VAT payments relating to supplies of a dwelling partially used for the taxpayer's economic activity | Asesoramiento fiscal, mercantil y laboral en C\u00f3rdoba | Servicios de auditor\u00eda en C\u00f3rdoba","breadcrumb":{"@id":"https:\/\/cefisaa.es\/en\/deductibility-of-vat-payments-relating-to-supplies-of-a-dwelling-partially-used-for-the-taxpayers-economic-activity\/#breadcrumb"},"inLanguage":"en-US","potentialAction":[{"@type":"ReadAction","target":["https:\/\/cefisaa.es\/en\/deductibility-of-vat-payments-relating-to-supplies-of-a-dwelling-partially-used-for-the-taxpayers-economic-activity\/"]}]},{"@type":"ImageObject","inLanguage":"en-US","@id":"https:\/\/cefisaa.es\/en\/deductibility-of-vat-payments-relating-to-supplies-of-a-dwelling-partially-used-for-the-taxpayers-economic-activity\/#primaryimage","url":"https:\/\/cefisaa.es\/wp-content\/uploads\/2023\/09\/pexels-alex-fu-2479178-scaled.jpg","contentUrl":"https:\/\/cefisaa.es\/wp-content\/uploads\/2023\/09\/pexels-alex-fu-2479178-scaled.jpg","width":2048,"height":2560},{"@type":"BreadcrumbList","@id":"https:\/\/cefisaa.es\/en\/deductibility-of-vat-payments-relating-to-supplies-of-a-dwelling-partially-used-for-the-taxpayers-economic-activity\/#breadcrumb","itemListElement":[{"@type":"ListItem","position":1,"name":"Portada","item":"https:\/\/cefisaa.es\/en\/home\/"},{"@type":"ListItem","position":2,"name":"Deductibility of VAT payments relating to supplies of a dwelling partially used for the taxpayer&#8217;s economic activity"}]},{"@type":"WebSite","@id":"https:\/\/cefisaa.es\/en\/#website","url":"https:\/\/cefisaa.es\/en\/","name":"Cefisa","description":"","publisher":{"@id":"https:\/\/cefisaa.es\/en\/#organization"},"potentialAction":[{"@type":"SearchAction","target":{"@type":"EntryPoint","urlTemplate":"https:\/\/cefisaa.es\/en\/?s={search_term_string}"},"query-input":{"@type":"PropertyValueSpecification","valueRequired":true,"valueName":"search_term_string"}}],"inLanguage":"en-US"},{"@type":"Organization","@id":"https:\/\/cefisaa.es\/en\/#organization","name":"Cefisa","url":"https:\/\/cefisaa.es\/en\/","logo":{"@type":"ImageObject","inLanguage":"en-US","@id":"https:\/\/cefisaa.es\/en\/#\/schema\/logo\/image\/","url":"https:\/\/cefisaa.es\/wp-content\/uploads\/2022\/10\/image2vector.svg","contentUrl":"https:\/\/cefisaa.es\/wp-content\/uploads\/2022\/10\/image2vector.svg","width":400,"height":133,"caption":"Cefisa"},"image":{"@id":"https:\/\/cefisaa.es\/en\/#\/schema\/logo\/image\/"}},{"@type":"Person","@id":"https:\/\/cefisaa.es\/en\/#\/schema\/person\/ee3b3e0cf34963cf0dc3d702b70a8962","name":"Cefisa","image":{"@type":"ImageObject","inLanguage":"en-US","@id":"https:\/\/secure.gravatar.com\/avatar\/5585c5716630c9a3aef78d3869b2696792b9a110354782ee605547cb4da424c3?s=96&d=mm&r=g","url":"https:\/\/secure.gravatar.com\/avatar\/5585c5716630c9a3aef78d3869b2696792b9a110354782ee605547cb4da424c3?s=96&d=mm&r=g","contentUrl":"https:\/\/secure.gravatar.com\/avatar\/5585c5716630c9a3aef78d3869b2696792b9a110354782ee605547cb4da424c3?s=96&d=mm&r=g","caption":"Cefisa"},"url":"https:\/\/cefisaa.es\/en\/author\/cefisa\/"}]}},"_links":{"self":[{"href":"https:\/\/cefisaa.es\/en\/wp-json\/wp\/v2\/posts\/3150","targetHints":{"allow":["GET"]}}],"collection":[{"href":"https:\/\/cefisaa.es\/en\/wp-json\/wp\/v2\/posts"}],"about":[{"href":"https:\/\/cefisaa.es\/en\/wp-json\/wp\/v2\/types\/post"}],"author":[{"embeddable":true,"href":"https:\/\/cefisaa.es\/en\/wp-json\/wp\/v2\/users\/3"}],"replies":[{"embeddable":true,"href":"https:\/\/cefisaa.es\/en\/wp-json\/wp\/v2\/comments?post=3150"}],"version-history":[{"count":1,"href":"https:\/\/cefisaa.es\/en\/wp-json\/wp\/v2\/posts\/3150\/revisions"}],"predecessor-version":[{"id":3151,"href":"https:\/\/cefisaa.es\/en\/wp-json\/wp\/v2\/posts\/3150\/revisions\/3151"}],"wp:featuredmedia":[{"embeddable":true,"href":"https:\/\/cefisaa.es\/en\/wp-json\/wp\/v2\/media\/3145"}],"wp:attachment":[{"href":"https:\/\/cefisaa.es\/en\/wp-json\/wp\/v2\/media?parent=3150"}],"wp:term":[{"taxonomy":"category","embeddable":true,"href":"https:\/\/cefisaa.es\/en\/wp-json\/wp\/v2\/categories?post=3150"},{"taxonomy":"post_tag","embeddable":true,"href":"https:\/\/cefisaa.es\/en\/wp-json\/wp\/v2\/tags?post=3150"}],"curies":[{"name":"wp","href":"https:\/\/api.w.org\/{rel}","templated":true}]}}